{"id":3243,"date":"2025-01-15T19:50:07","date_gmt":"2025-01-15T18:50:07","guid":{"rendered":"https:\/\/www.meleyacht.it\/?p=3243"},"modified":"2026-03-13T10:15:41","modified_gmt":"2026-03-13T09:15:41","slug":"assia-e-salvatore-le-due-meta-della-mele","status":"publish","type":"post","link":"https:\/\/www.meleyacht.it\/?p=3243","title":{"rendered":"Assia e Salvatore, le due met\u00e0 della Mele"},"content":{"rendered":"<section class=\"kc-elm kc-css-12603 kc_row\"><div class=\"kc-row-container  kc-container\"><div class=\"kc-wrap-columns\"><div class=\"kc-elm kc-css-765904 kc_col-sm-12 kc_column kc_col-sm-12\"><div class=\"kc-col-container\"><div class=\"kc-elm kc_text_block\"><\/p>\n<p>\n<em>Timonano con orgoglio <strong>Mele Yacht<\/strong>, societ\u00e0 partenopea a conduzione familiare nata dal desiderio di&nbsp;<strong>Antimo Mele<\/strong>, pioniere nella vendita di imbarcazioni di alta qualit\u00e0, di trasmettere ai figli la sua infinita passione per il mare<\/em><br \/>di<strong>&nbsp;Olimpia De Casa<\/strong><\/p>\n<p>Allineati, interscambiabili sul lavoro, esperti, testardi e affiatati come sanno essere due fratelli consci e orgogliosi del grande patrimonio di conoscenze e valori ereditato dal padre Antimo,&nbsp;<strong>Assia e Salvatore Mele emanano prima di tutto passione e rispetto profondi per il mare e per le barche<\/strong>, che conoscono e vivono sin dalla tenera et\u00e0. Classe 1983 e 86 rispettivamente, sono volto, anima e cuore di&nbsp;<a href=\"https:\/\/www.meleyacht.it\/\" target=\"_blank\" rel=\"noopener\"><strong>Mele Yacht<\/strong><\/a>, l\u2019azienda affacciata sul mare di Napoli nata grazie allo spirito imprenditoriale e alla volont\u00e0 del padre, professionista con oltre quarant\u2019anni di attivit\u00e0 nel settore nautico alle spalle, di passare alla sua seconda generazione un testimone fatto di amore e gratitudine per il Grande Blu, per le unit\u00e0 da diporto che lo attraversano e per una professione costruita puntando a diventare&nbsp;<strong>un riferimento unico di seriet\u00e0 e affidabilit\u00e0 per il cliente<\/strong>. Con un core business nella vendita di yacht nuovi dai 24 metri a salire, Mele Yacht fornisce il supporto e l\u2019assistenza necessari a intraprendere la scelta pi\u00f9 adatta e rispondente alle singole esigenze e aspettative, accompagnando il cliente in tutte le fasi della compravendita, ma anche del noleggio, per assicuragli un\u2019esperienza memorabile dalla prima all\u2019ultima delle sue vacanze a bordo. \u00ab<em>Tra le ultime cose che pap\u00e0 ci ha detto prima di lasciarci&nbsp;<\/em>(nel 2017, ndr)<em>, ce n\u2019\u00e8 una che non dimenticher\u00f2 mai:&nbsp;<strong>\u201cMi raccomando: vendete una barca in meno, ma la sera mettete sempre la testa sul cuscino\u201d<\/strong><\/em>\u00bb, ci confida Assia che, facendo tesoro dell\u2019insegnamento, ha saputo indirizzare la rotta della navigazione verso orizzonti nitidi, illuminati da onest\u00e0 professionale e morale. Uno scrupolo e una condotta ben impressi anche nel dna di Salvatore, che a tal proposito rimarca: \u00ab<em>La scelta di lavorare con tutti i grandi player del mercato, e non pi\u00f9 con un solo, seppur importante, brand<\/em>&nbsp;(per quindici anni Mele Yacht \u00e8 stato dealer Ferretti)<em>, nasce proprio dalla volont\u00e0 di riuscire a rappresentare per l\u2019armatore che a noi si rivolge&nbsp;<strong>un interlocutore assolutamente obiettivo<\/strong>&nbsp;e libero di poter dire, scevro da condizionamenti, ad esempio: \u201cLascia stare, questa barca non \u00e8 adatta\u201d<\/em>\u00bb. Appurato, quindi, che se un prodotto non vi convince, lo manifestate esplicitamente, che genere di imbarcazioni trattate? \u00ab<em>Dopo una gavetta molto importante e costruttiva di oltre tre lustri con il Gruppo Ferretti, abbiamo voluto sentirci liberi, e conseguentemente maggiormente motivati, passando dal mercato delle imbarcazioni di alta gamma, ma comunque di serie, a quello delle unit\u00e0 sopra i 24 metri, come il primo&nbsp;<strong>Atlantique 37 metr<\/strong><strong>i<\/strong>&nbsp;di&nbsp;<a href=\"https:\/\/www.columbusyachts.it\/\" target=\"_blank\" rel=\"noopener\"><strong>Columbus Yachts&nbsp;<\/strong><\/a><\/em>(nella foto sotto)&nbsp;<em>la cui vendita \u00e8 stata annunciata all\u2019indomani del Salone di Cannes 2023, e, in ogni caso, pi\u00f9 spiccatamente tailor made, come possono esserlo, ad esempio, un&nbsp;<a href=\"https:\/\/www.otam.it\/\" target=\"_blank\" rel=\"noopener\"><strong>Otam<\/strong><\/a>&nbsp;o un&nbsp;<a href=\"https:\/\/nereayacht.com\/\" target=\"_blank\" rel=\"noopener\"><strong>Nerea<\/strong><\/a>. La nostra strategia aziendale si \u00e8 orientata, cos\u00ec, verso un mondo particolarmente esclusivo, cui puoi affacciarti solo quando hai clienti che credono fortemente in te e ti seguono<\/em>\u00bb, risponde Assia.<\/p>\n<p><img loading=\"lazy\" class=\"aligncenter size-full wp-image-48403\" src=\"https:\/\/www.gentedimareonline.it\/wp-content\/uploads\/2025\/01\/Atlantique-37-MT-by-Columbus-Yachts.jpg\" sizes=\"(max-width: 1200px) 100vw, 1200px\" srcset=\"https:\/\/www.gentedimareonline.it\/wp-content\/uploads\/2025\/01\/Atlantique-37-MT-by-Columbus-Yachts.jpg 1200w, https:\/\/www.gentedimareonline.it\/wp-content\/uploads\/2025\/01\/Atlantique-37-MT-by-Columbus-Yachts-300x203.jpg 300w, https:\/\/www.gentedimareonline.it\/wp-content\/uploads\/2025\/01\/Atlantique-37-MT-by-Columbus-Yachts-1024x691.jpg 1024w, https:\/\/www.gentedimareonline.it\/wp-content\/uploads\/2025\/01\/Atlantique-37-MT-by-Columbus-Yachts-768x518.jpg 768w, https:\/\/www.gentedimareonline.it\/wp-content\/uploads\/2025\/01\/Atlantique-37-MT-by-Columbus-Yachts-150x101.jpg 150w, https:\/\/www.gentedimareonline.it\/wp-content\/uploads\/2025\/01\/Atlantique-37-MT-by-Columbus-Yachts-696x470.jpg 696w, https:\/\/www.gentedimareonline.it\/wp-content\/uploads\/2025\/01\/Atlantique-37-MT-by-Columbus-Yachts-1068x721.jpg 1068w\" alt=\"Atlantique-37-MT-by-Columbus-Yachts\" width=\"1200\" height=\"810\"><\/p>\n<p>\u00ab<strong><em>Diciamo che abbiamo voluto mettere la nostra esperienza a favore dei clienti, prima ancora che delle aziende<\/em><\/strong>\u00bb, specifica Salvatore, che aggiunge: \u00ab<em>A parit\u00e0 di qualit\u00e0 del prodotto, che per noi deve avere uno standard sempre molto alto, selezioniamo quello \u201cgiusto\u201d per l\u2019armatore in funzione dei suoi bisogni e desiderata, ma anche in ottica di commerciabilit\u00e0 e di tenuta del valore nel tempo, avendo cura di mantenere un equilibrio corretto tra le prerogative richieste e il budget a disposizione.&nbsp;<strong>La lunga gavetta alle spalle, oltre che l\u2019esperienza vissuta, ci consentono di fare davvero il bene del cliente<\/strong><\/em>\u00bb. Come riuscite a conquistarlo e, poi, a fidelizzarlo? \u00ab<em>La conoscenza del settore \u00e8 ovviamente fondamentale, ma non sufficiente a distinguersi<\/em>\u00bb, spiegano all\u2019unisono. \u00ab<em>Essere bravi commerciali non basta. Pi\u00f9 che la vendita spot, siamo convinti paghi maggiormente essere in grado di offrire una&nbsp;<strong>consulenza nautica completa<\/strong>. Questo \u00e8 ci\u00f2 che facciamo per ognuno dei nostri clienti, nuovi o conosciuti che siano. Ispezioniamo tutto quello che il mercato propone e formuliamo un parere che, partendo dalle precise necessit\u00e0 e disponibilit\u00e0 economiche, non si limiti agli aspetti relativi alla scelta e all\u2019acquisto, ma abbracci tutte le valutazioni successive legate, ad esempio, al valore residuo del bene negli anni<\/em>\u00bb. Deduco che il vostro&nbsp;<em>modus operandi<\/em>, che si potrebbe riassumere in seriet\u00e0 di approccio e completezza del servizio reso, si traduca in un apprezzamento generale. \u00ab<em>Il cliente che si fida, e si affida a noi, \u00e8 la miglior pubblicit\u00e0 in assoluto<\/em>\u00bb, sottolinea Salvatore. \u00ab<em>Peraltro&nbsp;<strong>il nostro \u00e8 un lavoro molto peer-to-peer<\/strong>: \u00e8 difficile che una persona totalmente estranea venga a chiederci di mettere in vendita un\u2019imbarcazione. Ci contatta, e vuole avere a che fare solo con me o Assia, perch\u00e9 ha avuto gi\u00e0 modo di conoscerci o magari perch\u00e9 un suo amico fidato ha fatto il nostro nome<\/em>\u00bb.<\/p>\n<figure id=\"attachment_48404\" class=\"wp-caption aligncenter\" aria-describedby=\"caption-attachment-48404\"><img loading=\"lazy\" class=\"size-full wp-image-48404\" src=\"https:\/\/www.gentedimareonline.it\/wp-content\/uploads\/2025\/01\/Malia_barca-di-proprieta-della-famiglia-Mele.jpg\" sizes=\"(max-width: 1170px) 100vw, 1170px\" srcset=\"https:\/\/www.gentedimareonline.it\/wp-content\/uploads\/2025\/01\/Malia_barca-di-proprieta-della-famiglia-Mele.jpg 1170w, https:\/\/www.gentedimareonline.it\/wp-content\/uploads\/2025\/01\/Malia_barca-di-proprieta-della-famiglia-Mele-300x294.jpg 300w, https:\/\/www.gentedimareonline.it\/wp-content\/uploads\/2025\/01\/Malia_barca-di-proprieta-della-famiglia-Mele-1024x1005.jpg 1024w, https:\/\/www.gentedimareonline.it\/wp-content\/uploads\/2025\/01\/Malia_barca-di-proprieta-della-famiglia-Mele-768x754.jpg 768w, https:\/\/www.gentedimareonline.it\/wp-content\/uploads\/2025\/01\/Malia_barca-di-proprieta-della-famiglia-Mele-150x147.jpg 150w, https:\/\/www.gentedimareonline.it\/wp-content\/uploads\/2025\/01\/Malia_barca-di-proprieta-della-famiglia-Mele-696x683.jpg 696w, https:\/\/www.gentedimareonline.it\/wp-content\/uploads\/2025\/01\/Malia_barca-di-proprieta-della-famiglia-Mele-1068x1048.jpg 1068w\" alt=\"Malia_barca-di-proprieta-della-famiglia-Mele\" width=\"1170\" height=\"1148\"><\/p><figcaption id=\"caption-attachment-48404\" class=\"wp-caption-text\">Malia, l\u2019Hudson Enterprise d\u2019epoca di propriet\u00e0 della famiglia Mele con cui Assia e Salvatore hanno navigato in tutto il Mediterraneo.<\/figcaption><\/figure>\n<p>Mai uno screzio tra voi? \u00ab<em>Attriti importanti mai. Litighiamo moltissimo, questo s\u00ec, ma come avviene un po\u2019 fra tutti i fratelli. Per il resto, io non riesco a stare senza di lui e lui senza di me,&nbsp;<strong>siamo l\u2019uno l\u2019alter ego dell\u2019altra, il motore dell\u2019azienda e della nostra famiglia, esattamente come lo \u00e8 stato nostro padre<\/strong>. Accompagnata dai nostri consulenti, io seguo pi\u00f9 da vicino la contrattualistica e la gestione aziendale e Salvatore gli aspetti tecnici e la supervisione dell\u2019usato che ci viene proposto di prendere in gestione. Per le decisioni importanti ci confrontiamo invece puntualmente come \u00e8 giusto e naturale che sia\u00bb<\/em>. Poi, proprio perch\u00e9 Assia e Salvatore si definiscono fieri rappresentanti della cosiddetta \u201cgente di mare\u201d, il valore aggiunto di Mele Yacht \u00e8, come tiene a evidenziare Salvatore, \u00ab<em>poter trasmettere le emozioni, il senso di libert\u00e0, la passione per il mare e tutta la bellezza che regala la navigazione con i propri cari, che noi abbiamo provato sulla nostra pelle, alle persone che vengono a trovarci nel nostro piccolo salottino anche solo per un caff\u00e8 o per fare due chiacchiere in serenit\u00e0 e distensione<\/em>\u00bb.<\/p>\n<p>&nbsp;<\/p>\n<p>Fonte: <a href=\"https:\/\/www.gentedimareonline.it\/assia-e-salvatore-mele-mele-yacht-intervista\/\">https:\/\/www.gentedimareonline.it\/assia-e-salvatore-mele-mele-yacht-intervista\/<\/a><\/p>\n<p>\n<\/div><\/div><\/div><\/div><\/div><\/section>\n","protected":false},"excerpt":{"rendered":"","protected":false},"author":1,"featured_media":3244,"comment_status":"open","ping_status":"closed","sticky":false,"template":"","format":"standard","meta":[],"categories":[3],"tags":[],"_links":{"self":[{"href":"https:\/\/www.meleyacht.it\/index.php?rest_route=\/wp\/v2\/posts\/3243"}],"collection":[{"href":"https:\/\/www.meleyacht.it\/index.php?rest_route=\/wp\/v2\/posts"}],"about":[{"href":"https:\/\/www.meleyacht.it\/index.php?rest_route=\/wp\/v2\/types\/post"}],"author":[{"embeddable":true,"href":"https:\/\/www.meleyacht.it\/index.php?rest_route=\/wp\/v2\/users\/1"}],"replies":[{"embeddable":true,"href":"https:\/\/www.meleyacht.it\/index.php?rest_route=%2Fwp%2Fv2%2Fcomments&post=3243"}],"version-history":[{"count":5,"href":"https:\/\/www.meleyacht.it\/index.php?rest_route=\/wp\/v2\/posts\/3243\/revisions"}],"predecessor-version":[{"id":3751,"href":"https:\/\/www.meleyacht.it\/index.php?rest_route=\/wp\/v2\/posts\/3243\/revisions\/3751"}],"wp:featuredmedia":[{"embeddable":true,"href":"https:\/\/www.meleyacht.it\/index.php?rest_route=\/wp\/v2\/media\/3244"}],"wp:attachment":[{"href":"https:\/\/www.meleyacht.it\/index.php?rest_route=%2Fwp%2Fv2%2Fmedia&parent=3243"}],"wp:term":[{"taxonomy":"category","embeddable":true,"href":"https:\/\/www.meleyacht.it\/index.php?rest_route=%2Fwp%2Fv2%2Fcategories&post=3243"},{"taxonomy":"post_tag","embeddable":true,"href":"https:\/\/www.meleyacht.it\/index.php?rest_route=%2Fwp%2Fv2%2Ftags&post=3243"}],"curies":[{"name":"wp","href":"https:\/\/api.w.org\/{rel}","templated":true}]}}