{"id":1236,"date":"2010-08-04T11:31:00","date_gmt":"2010-08-04T09:31:00","guid":{"rendered":"https:\/\/www.meleyacht.it\/?p=1236"},"modified":"2026-04-09T19:50:27","modified_gmt":"2026-04-09T17:50:27","slug":"navetta-26-crescend0-prememiere-in-cannes","status":"publish","type":"post","link":"https:\/\/www.meleyacht.it\/?p=1236","title":{"rendered":"NAVETTA 26 CRESCEND0: Prememi\u00e8re in Cannes"},"content":{"rendered":"<p>&nbsp;<\/p>\n<div style=\"text-align: justify;\">&#8220;Crescendo&#8221; rappresenta la nuova evoluzione della linea Ferretti Custom Line: evoca, infatti, l&#8217;universo della musica classica e si inserisce nella sfera della pi\u00f9 elevata cultura dello stile made in Italy. Qualit\u00e0, artigianalit\u00e0, sofisticata armonia, eleganza ed equilibrio sono i valori alla base di questa linea di imbarcazioni.<\/div>\n<div style=\"text-align: justify;\"><\/div>\n<div style=\"text-align: justify;\"><\/div>\n<div style=\"clear: both; text-align: center;\"><a style=\"margin-left: 1em; margin-right: 1em;\" href=\"http:\/\/3.bp.blogspot.com\/-xnu4yiQ-iPc\/VToNuz4Zt9I\/AAAAAAAABn4\/ZI7WUzlNGIc\/s1600\/Navetta26_Crescendo_ext2.jpg\"><img loading=\"lazy\" src=\"http:\/\/3.bp.blogspot.com\/-xnu4yiQ-iPc\/VToNuz4Zt9I\/AAAAAAAABn4\/ZI7WUzlNGIc\/s1600\/Navetta26_Crescendo_ext2.jpg\" width=\"165\" height=\"200\" border=\"0\" \/><\/a><a style=\"margin-left: 1em; margin-right: 1em;\" href=\"https:\/\/2.bp.blogspot.com\/-I9O6zqf3Rf8\/VToNumSlsZI\/AAAAAAAABn0\/vsfFUbwtNdo\/s1600\/Navetta_26_Crescendo_ext3.jpg\"><img loading=\"lazy\" src=\"http:\/\/2.bp.blogspot.com\/-I9O6zqf3Rf8\/VToNumSlsZI\/AAAAAAAABn0\/vsfFUbwtNdo\/s1600\/Navetta_26_Crescendo_ext3.jpg\" width=\"200\" height=\"133\" border=\"0\" \/><\/a><\/div>\n<div style=\"text-align: center;\"><\/div>\n<div style=\"clear: both; text-align: center;\"><a style=\"margin-left: 1em; margin-right: 1em;\" href=\"http:\/\/3.bp.blogspot.com\/-NkfIihD-gcM\/VToNuoPRt2I\/AAAAAAAABoE\/Ius0XdFthgI\/s1600\/Navetta26_cerscendo.jpg\"><img loading=\"lazy\" src=\"http:\/\/3.bp.blogspot.com\/-NkfIihD-gcM\/VToNuoPRt2I\/AAAAAAAABoE\/Ius0XdFthgI\/s1600\/Navetta26_cerscendo.jpg\" width=\"200\" height=\"154\" border=\"0\" \/><\/a><\/div>\n<div style=\"text-align: justify;\"><\/div>\n<p><!-- Blogger automated replacement: \"https:\/\/images-blogger-opensocial.googleusercontent.com\/gadgets\/proxy?url=http%3A%2F%2F2.bp.blogspot.com%2F-I9O6zqf3Rf8%2FVToNumSlsZI%2FAAAAAAAABn0%2FvsfFUbwtNdo%2Fs1600%2FNavetta_26_Crescendo_ext3.jpg&amp;container=blogger&amp;gadget=a&amp;rewriteMime=image%2F*\" with \"https:\/\/2.bp.blogspot.com\/-I9O6zqf3Rf8\/VToNumSlsZI\/AAAAAAAABn0\/vsfFUbwtNdo\/s1600\/Navetta_26_Crescendo_ext3.jpg\" --><\/p>\n","protected":false},"excerpt":{"rendered":"<p>&nbsp; &#8220;Crescendo&#8221; rappresenta la nuova evoluzione della linea Ferretti Custom Line: evoca, [&hellip;]<\/p>\n","protected":false},"author":1,"featured_media":0,"comment_status":"open","ping_status":"closed","sticky":false,"template":"","format":"standard","meta":[],"categories":[1],"tags":[],"_links":{"self":[{"href":"https:\/\/www.meleyacht.it\/index.php?rest_route=\/wp\/v2\/posts\/1236"}],"collection":[{"href":"https:\/\/www.meleyacht.it\/index.php?rest_route=\/wp\/v2\/posts"}],"about":[{"href":"https:\/\/www.meleyacht.it\/index.php?rest_route=\/wp\/v2\/types\/post"}],"author":[{"embeddable":true,"href":"https:\/\/www.meleyacht.it\/index.php?rest_route=\/wp\/v2\/users\/1"}],"replies":[{"embeddable":true,"href":"https:\/\/www.meleyacht.it\/index.php?rest_route=%2Fwp%2Fv2%2Fcomments&post=1236"}],"version-history":[{"count":4,"href":"https:\/\/www.meleyacht.it\/index.php?rest_route=\/wp\/v2\/posts\/1236\/revisions"}],"predecessor-version":[{"id":3788,"href":"https:\/\/www.meleyacht.it\/index.php?rest_route=\/wp\/v2\/posts\/1236\/revisions\/3788"}],"wp:attachment":[{"href":"https:\/\/www.meleyacht.it\/index.php?rest_route=%2Fwp%2Fv2%2Fmedia&parent=1236"}],"wp:term":[{"taxonomy":"category","embeddable":true,"href":"https:\/\/www.meleyacht.it\/index.php?rest_route=%2Fwp%2Fv2%2Fcategories&post=1236"},{"taxonomy":"post_tag","embeddable":true,"href":"https:\/\/www.meleyacht.it\/index.php?rest_route=%2Fwp%2Fv2%2Ftags&post=1236"}],"curies":[{"name":"wp","href":"https:\/\/api.w.org\/{rel}","templated":true}]}}