{"id":1224,"date":"2016-02-18T20:57:00","date_gmt":"2016-02-18T19:57:00","guid":{"rendered":""},"modified":"2026-04-09T19:49:14","modified_gmt":"2026-04-09T17:49:14","slug":"43esima-edizione-nauticsud-27-febbraio-6-marzo-2016-pad-6-mostra-d-oltremare-di-napoli","status":"publish","type":"post","link":"https:\/\/www.meleyacht.it\/?p=1224","title":{"rendered":"43esima Edizione NauticSud &#8211; 27 Febbraio 6 Marzo 2016 &#8211; Pad. 6 Mostra d&#8217; Oltremare di Napoli"},"content":{"rendered":"<p>&nbsp;<\/p>\n<div style=\"clear: both; text-align: center;\"><a style=\"clear: left; float: left; margin-bottom: 1em; margin-right: 1em;\" href=\"https:\/\/www.meleyacht.it\/wp-content\/uploads\/2016\/02\/dem-mele-yacht-2016-001a2.jpg\"><img loading=\"lazy\" src=\"https:\/\/www.meleyacht.it\/wp-content\/uploads\/2016\/02\/dem-mele-yacht-2016-001a2-300x210.jpg\" width=\"320\" height=\"224\" border=\"0\" \/><\/a><\/div>\n<div><span style=\"color: #1f497d;\"><br \/>\n<\/span><span style=\"color: #1f497d;\">Si da il via alla 43esima edizione del NauticSud &#8211; 27 Febbraio 6 Marzo 2016 &#8211;\u00a0Pad. 6 Mostra d\u2019Oltremare di Napoli.<\/span><\/div>\n<div><span style=\"color: #1f497d;\">Il Boat Show sar\u00e0 aperto al pubblico sabato e domenica 10.30-20.00 e durante la settimana 13.30 \u2013 20.00<\/span><\/div>\n<div><span style=\"color: #1f497d;\">Sar\u00e0 l\u2019occasione giusta per la <b>Mele Yacht <\/b>di presentare i nuovi nati in casa <b>Ferretti Group<\/b> che saranno presenti per visite e prove in mare al prossimo Salone di Cannes.<\/span><\/div>\n<div><span style=\"color: #1f497d;\">In particolare sar\u00e0 un piacere illustrare il <b>Ferretti Yachts 450<\/b>, il <b>Ferretti Yachts 850<\/b> ed il <b>Pershing 5x<\/b>.<\/span><\/div>\n<div><span style=\"color: #1f497d;\">Vi aspettiamo inoltre domenica 28 Febbraio per un brunch dalle ore 12:00 dove il <i>Team Al&amp;Al<\/i>, a bordo di un <i>Outerlimits 41<\/i>, presenter\u00e0 alla stampa Italiana la nuova sfida che ha deciso di lanciare al mondo offshore.<\/span><\/div>\n<div><span style=\"color: #1f497d;\">L\u2019evento denominato <i>\u201cLong Distance Record Napoli Montecarlo<\/i>\u201d avr\u00e0 luogo a Luglio e partir\u00e0 dal Napoli Yacht Club Savoia e si concluder\u00e0 al Yacht Club de Monaco<\/span><\/div>\n<div><span style=\"color: #1f497d;\">\u00a0<\/span><\/div>\n<div><span style=\"color: #1f497d;\">\u00a0<\/span><\/div>\n<p>&nbsp;<\/p>\n<div><\/div>\n","protected":false},"excerpt":{"rendered":"<p>&nbsp; Si da il via alla 43esima edizione del NauticSud &#8211; 27 [&hellip;]<\/p>\n","protected":false},"author":1,"featured_media":1296,"comment_status":"open","ping_status":"closed","sticky":false,"template":"","format":"standard","meta":[],"categories":[3],"tags":[],"_links":{"self":[{"href":"https:\/\/www.meleyacht.it\/index.php?rest_route=\/wp\/v2\/posts\/1224"}],"collection":[{"href":"https:\/\/www.meleyacht.it\/index.php?rest_route=\/wp\/v2\/posts"}],"about":[{"href":"https:\/\/www.meleyacht.it\/index.php?rest_route=\/wp\/v2\/types\/post"}],"author":[{"embeddable":true,"href":"https:\/\/www.meleyacht.it\/index.php?rest_route=\/wp\/v2\/users\/1"}],"replies":[{"embeddable":true,"href":"https:\/\/www.meleyacht.it\/index.php?rest_route=%2Fwp%2Fv2%2Fcomments&post=1224"}],"version-history":[{"count":5,"href":"https:\/\/www.meleyacht.it\/index.php?rest_route=\/wp\/v2\/posts\/1224\/revisions"}],"predecessor-version":[{"id":3777,"href":"https:\/\/www.meleyacht.it\/index.php?rest_route=\/wp\/v2\/posts\/1224\/revisions\/3777"}],"wp:featuredmedia":[{"embeddable":true,"href":"https:\/\/www.meleyacht.it\/index.php?rest_route=\/wp\/v2\/media\/1296"}],"wp:attachment":[{"href":"https:\/\/www.meleyacht.it\/index.php?rest_route=%2Fwp%2Fv2%2Fmedia&parent=1224"}],"wp:term":[{"taxonomy":"category","embeddable":true,"href":"https:\/\/www.meleyacht.it\/index.php?rest_route=%2Fwp%2Fv2%2Fcategories&post=1224"},{"taxonomy":"post_tag","embeddable":true,"href":"https:\/\/www.meleyacht.it\/index.php?rest_route=%2Fwp%2Fv2%2Ftags&post=1224"}],"curies":[{"name":"wp","href":"https:\/\/api.w.org\/{rel}","templated":true}]}}